{"id":2301,"date":"2023-05-30T19:21:33","date_gmt":"2023-05-30T16:21:33","guid":{"rendered":"https:\/\/www.bebenou.ro\/blog\/?p=2301"},"modified":"2023-05-31T09:08:33","modified_gmt":"2023-05-31T06:08:33","slug":"palarii-si-sepci-de-vara-pentru-copii-esentiale-pentru-o-vara-in-siguranta","status":"publish","type":"post","link":"https:\/\/www.bebenou.ro\/blog\/palarii-si-sepci-de-vara-pentru-copii-esentiale-pentru-o-vara-in-siguranta\/","title":{"rendered":"P\u0103l\u0103rii \u0219i \u0218epci de Var\u0103 pentru Copii: Esen\u021biale pentru O Var\u0103 \u00een Siguran\u021b\u0103"},"content":{"rendered":"<p>Pe m\u0103sur\u0103 ce temperaturile de var\u0103 se cresc, protec\u021bia copiilor de c\u0103ldura intens\u0103 \u0219i efectele soarelui devine o prioritate.<\/p>\n<p>Un element esen\u021bial, deseori neglijat, este \u00eembr\u0103c\u0103mintea adecvat\u0103, \u00een special p\u0103l\u0103riile \u0219i \u0219epcile de var\u0103 pentru copii.<\/p>\n<div class=\"group w-full text-gray-800 dark:text-gray-100 border-b border-black\/10 dark:border-gray-900\/50 bg-gray-50 dark:bg-[#444654]\">\n<div class=\"flex p-4 gap-4 text-base md:gap-6 md:max-w-2xl lg:max-w-xl xl:max-w-3xl md:py-6 lg:px-0 m-auto\">\n<div class=\"relative flex w-[calc(100%-50px)] flex-col gap-1 md:gap-3 lg:w-[calc(100%-115px)]\">\n<div class=\"flex flex-grow flex-col gap-3\">\n<div class=\"min-h-[20px] flex flex-col items-start gap-4 whitespace-pre-wrap break-words\">\n<div class=\"markdown prose w-full break-words dark:prose-invert light\">\n<p>Zilele lungi de var\u0103 invit\u0103 la joac\u0103 \u0219i aventur\u0103 \u00een aer liber.<\/p>\n<p>Copiii se bucur\u0103 de soare, de natur\u0103 \u0219i de z\u00e2mbetele c\u0103lduroase ale soarelui.<\/p>\n<p>\u00cens\u0103, odat\u0103 cu distrac\u021bia, vine \u0219i responsabilitatea de a proteja pielea delicat\u0103 a copiilor de radia\u021biile solare.<\/p>\n<p>Pielea lor este mult mai sensibil\u0103 dec\u00e2t cea a adul\u021bilor \u0219i necesit\u0103 o \u00eengrijire adecvat\u0103 pentru a preveni arsurile solare \u0219i alte probleme ale pielii.<\/p>\n<h4>Una dintre metodele esen\u021biale de protec\u021bie este utilizarea \u0219epcilor \u0219i p\u0103l\u0103riilor.<\/h4>\n<p>Acestea nu numai c\u0103 adaug\u0103 un strop de stil outfiturilor celor mici, dar joac\u0103 \u0219i un rol crucial \u00een protejarea pielii sensibile a capului, a ochilor, urechilor \u0219i g\u00e2tului.<\/p>\n<p>\u0218epcile \u0219i p\u0103l\u0103riile sunt la fel de importante ca \u0219i lo\u021biunile cu protec\u021bie solar\u0103, deoarece ofer\u0103 o barier\u0103 fizic\u0103 \u00eempotriva razelor UV.<\/p>\n<p>\u00cen plus, ajut\u0103 la reglarea temperaturii corpului, prevenind supra\u00eenc\u0103lzirea \u0219i deshidratarea.<\/p>\n<p>\u00cen acest articol, vom discuta despre importan\u021ba \u0219epcilor \u0219i p\u0103l\u0103riilor \u00een lunile de var\u0103, despre beneficiile \u0219epcilor cu protec\u021bie UV sau fara, in zilele calduroase.<\/p>\n<\/div>\n<h3><strong> Importan\u021ba \u0218epcilor cu Protec\u021bie UV<\/strong><\/h3>\n<p>\u0218epcile cu protec\u021bie UV sunt o alegere excelent\u0103 pentru protejarea copiilor de soare, mai ales \u00een zilele caniculare. Acestea sunt concepute special pentru a bloca o mare parte din razele UV nocive ale soarelui.<\/p>\n<p>De ce sunt at\u00e2t de importante aceste \u0219epci? Ei bine, factorul de protec\u021bie ultraviolet\u0103, sau UPF, este un rating aplicat \u00eembr\u0103c\u0103mintei pentru a indica c\u00e2t de bine protejeaz\u0103 \u00eempotriva razelor UV. Este similar cu SPF-ul din cremele solare, dar se aplic\u0103 \u00eembr\u0103c\u0103mintei.<\/p>\n<p>O \u0219apc\u0103 cu un UPF de 50, de exemplu, blocheaz\u0103 98% din razele UV. Asta \u00eenseamn\u0103 c\u0103 doar 2% din razele UV pot ajunge la piele prin materialul \u0219epcii.<\/p>\n<p>Este important de men\u021bionat c\u0103 nu toate \u0219epcile cu protec\u021bie UV sunt la fel. Anumite caracteristici pot spori eficacitatea unei \u0219epci:<\/p>\n<ol>\n<li><strong>Materialul:<\/strong> Anumite materiale, precum poliesterul sau nailonul, sunt mai eficiente \u00een blocarea razelor UV dec\u00e2t altele.<\/li>\n<li><strong>Designul:<\/strong> \u0218epcile cu aripi largi ofer\u0103 o protec\u021bie mai bun\u0103, deoarece protejeaz\u0103 nu doar capul, ci \u0219i g\u00e2tul, urechile \u0219i partea superioar\u0103 a fe\u021bei.<\/li>\n<li><strong>Culoarea:<\/strong> Culorile mai \u00eenchise absorb mai multe raze UV \u0219i ofer\u0103 o mai bun\u0103 protec\u021bie.<\/li>\n<\/ol>\n<p>Investind \u00een \u0219epci cu protec\u021bie UV pentru copii, ne asigur\u0103m c\u0103 ei se pot bucura de activit\u0103\u021bi \u00een aer liber, \u00een timp ce sunt proteja\u021bi \u00eempotriva radia\u021biilor UV nocive.<\/p>\n<\/div>\n<\/div>\n<\/div>\n<\/div>\n<\/div>\n<h3><strong>Beneficiile \u0218epcilor din Bumbac<\/strong><\/h3>\n<p>\u0218epcile din bumbac sunt adesea preferate pentru confortul \u0219i respirabilitatea lor. Bumbacul este un material natural care are numeroase avantaje:<\/p>\n<ol>\n<li><strong>Respirabilitate:<\/strong> Una dintre cele mai apreciate caracteristici ale bumbacului este respirabilitatea. Acest material permite aerului s\u0103 circule liber, ceea ce ajut\u0103 la r\u0103cirea capului copilului. Bumbacul absoarbe \u0219i evapor\u0103 transpira\u021bia, astfel \u00eenc\u00e2t copiii se pot bucura de joac\u0103, r\u0103m\u00e2n\u00e2nd \u00een acela\u0219i timp confortabili \u0219i r\u0103cori\u021bi.<\/li>\n<li><strong>Confort:<\/strong> Bumbacul este cunoscut pentru textura sa moale \u0219i confortabil\u0103. Acesta nu provoac\u0103 irita\u021bii, fiind ideal pentru pielea sensibil\u0103 a copiilor. \u0218epcile din bumbac sunt bl\u00e2nde cu pielea \u0219i confortabile pentru purt\u0103tor, chiar \u0219i pe parcursul unei zile \u00eentregi.<\/li>\n<li><strong>Durabilitate:<\/strong> De\u0219i sunt moi \u0219i confortabile, \u0219epcile din bumbac sunt, de asemenea, durabile. Bumbacul rezist\u0103 la uzur\u0103 \u0219i poate dura mult timp, chiar \u0219i cu utilizare frecvent\u0103.<\/li>\n<li><strong>U\u0219or de \u00eentre\u021binut:<\/strong> Bumbacul este un material care se spal\u0103 u\u0219or. \u00cendep\u0103rtarea petelor este, de obicei, un proces simplu, iar \u0219epcile din bumbac pot fi adesea sp\u0103late chiar \u0219i \u00een ma\u0219ina de sp\u0103lat.<\/li>\n<li><strong>Varietate:<\/strong> \u0218epcile din bumbac vin \u00eentr-o multitudine de culori \u0219i modele, ceea ce \u00eenseamn\u0103 c\u0103 pute\u021bi g\u0103si cu u\u0219urin\u021b\u0103 una care s\u0103 se potriveasc\u0103 personalit\u0103\u021bii \u0219i preferin\u021belor copilului dvs.<\/li>\n<li><strong>Mediu prietenos:<\/strong> Bumbacul este un material biodegradabil, ceea ce \u00eel face o op\u021biune ecologic\u0103. Prin alegerea \u0219epcilor din bumbac, contribui\u021bi la protejarea mediului.<\/li>\n<\/ol>\n<h3><strong>\u0218epci<\/strong><strong>le Sidefate: Un Plus de Protec\u021bie \u0219i Stil<\/strong><\/h3>\n<p>\u0218epcile sidefate pentru copii sunt o alegere popular\u0103, \u00een special pentru zilele petrecute la plaj\u0103 sau la piscin\u0103. Aceste \u0219epci dispun de un material sidefat care reflect\u0103 lumina soarelui, \u00een loc s\u0103 o absoarb\u0103, ceea ce poate ajuta la men\u021binerea unei temperaturi confortabile la nivelul capului.<\/p>\n<ol>\n<li><strong>Protec\u021bie:<\/strong> Similar cu \u0219epcile cu protec\u021bie UV, \u0219epcile sidefate ofer\u0103 o protec\u021bie suplimentar\u0103 \u00eempotriva razelor soarelui. Materialul lor reflect\u0103 razele soarelui, reduc\u00e2nd c\u0103ldura \u0219i radia\u021biile UV care ajung la pielea capului.<\/li>\n<li><strong>Confort:<\/strong> Deoarece materialul reflect\u0103 lumina soarelui, \u0219epcile sidefate tind s\u0103 fie mai r\u0103coroase dec\u00e2t cele din materiale care absorb c\u0103ldura. Acest lucru le face mai confortabile pentru copii \u00een zilele fierbin\u021bi de var\u0103.<\/li>\n<li><strong>Stil:<\/strong> \u0218epcile sidefate sunt disponibile \u00eentr-o varietate de culori str\u0103lucitoare \u0219i modele, ad\u0103ug\u00e2nd un plus de stil \u021binutelor de var\u0103 ale copiilor.<\/li>\n<li><strong>Vizibilitate:<\/strong> Str\u0103lucirea lor ajut\u0103 de asemenea la \u00eembun\u0103t\u0103\u021birea vizibilit\u0103\u021bii copilului, ceea ce poate fi deosebit de util pe plaj\u0103 sau \u00een alte locuri aglomerate.<\/li>\n<\/ol>\n<h3><strong>Alegerea M\u0103rimii Potrivite<\/strong><\/h3>\n<p>Unul dintre aspectele esen\u021biale atunci c\u00e2nd alegem o \u0219apc\u0103 sau o p\u0103l\u0103rie pentru copii este m\u0103rimea. Alegerea unei m\u0103rimi nepotrivite poate duce la disconfort, iar \u00een unele cazuri, poate chiar s\u0103 diminueze eficien\u021ba protec\u021biei solare. Iat\u0103 de ce ar trebui s\u0103 \u021bine\u021bi cont de aceste aspecte:<\/p>\n<ol>\n<li><strong>Circumferin\u021ba Capului:<\/strong> M\u0103sura\u021bi circumferin\u021ba capului copilului dvs. pentru a ob\u021bine cea mai exact\u0103 m\u0103rime. Pute\u021bi face acest lucru folosind o band\u0103 de m\u0103sur\u0103, m\u0103sur\u00e2nd \u00een jurul capului, deasupra urechilor \u0219i spr\u00e2ncenelor. Majoritatea produc\u0103torilor de \u0219epci \u0219i p\u0103l\u0103rii vor oferi un ghid de m\u0103rimi pentru a v\u0103 ajuta s\u0103 g\u0103si\u021bi cea mai bun\u0103 potrivire.<\/li>\n<li><strong>\u0218epci \u0219i P\u0103l\u0103rii Reglabile:<\/strong> O \u0219apc\u0103 sau o p\u0103l\u0103rie reglabil\u0103 poate fi o alegere excelent\u0103, mai ales dac\u0103 copilul dvs. se afl\u0103 \u00eentre m\u0103rimi sau dac\u0103 cre\u0219te rapid. Unele \u0219epci dispun de curele reglabile, \u00een timp ce altele au un sistem de \u00eenchidere cu arici. Acestea permit reglarea m\u0103rimii, asigur\u00e2nd o potrivire confortabil\u0103 \u0219i sigur\u0103.<\/li>\n<li><strong>Confort:<\/strong> Chiar \u0219i cu m\u0103sur\u0103tori precise, asigura\u021bi-v\u0103 c\u0103 \u0219apca sau p\u0103l\u0103ria este confortabil\u0103 pentru copilul dvs. Ar trebui s\u0103 stea pe cap f\u0103r\u0103 a aluneca sau a str\u00e2nge prea tare.<\/li>\n<\/ol>\n<p>Asigur\u00e2ndu-v\u0103 c\u0103 alege\u021bi m\u0103rimea potrivit\u0103, ve\u021bi face din \u0219apc\u0103 sau p\u0103l\u0103rie un accesoriu de care copilul se va bucura, \u00een timp ce beneficiaz\u0103 de protec\u021bie eficient\u0103 \u00eempotriva soarelui.<\/p>\n<h3><strong>Alte Tipuri de \u0218epci \u0219i P\u0103l\u0103rii<\/strong><\/h3>\n<ol>\n<li><strong>P\u0103l\u0103rii cu Boruri Largi:<\/strong> P\u0103l\u0103riile cu boruri largi sunt o alegere excelent\u0103 pentru o protec\u021bie solar\u0103 complet\u0103. Borurile lor largi ofer\u0103 o umbr\u0103 semnificativ\u0103, protej\u00e2nd fa\u021ba, g\u00e2tul \u0219i urechile copilului de razele soarelui.<\/li>\n<li><strong>\u0218epci de Baseball:<\/strong> \u0218epcile de baseball sunt un favorit pentru mul\u021bi copii \u0219i p\u0103rin\u021bi datorit\u0103 stilului lor clasic \u0219i a posibilit\u0103\u021bii de a le asorta cu diverse \u021binute. Multe dintre aceste \u0219epci sunt acum disponibile cu protec\u021bie UV integrat\u0103.<\/li>\n<li><strong>\u0218epci cu Cozoroc Lung:<\/strong> Aceste \u0219epci au un cozoroc mai lung dec\u00e2t \u0219epcile de baseball standard, oferind o protec\u021bie solar\u0103 mai bun\u0103. Cozorocul lung protejeaz\u0103 ochii \u0219i fa\u021ba copilului de razele soarelui.<\/li>\n<li><strong>P\u0103l\u0103rii Legionar:<\/strong> P\u0103l\u0103riile legionar ofer\u0103 o protec\u021bie complet\u0103 a capului \u0219i a g\u00e2tului. Ele au un panou din material care acoper\u0103 partea din spate a g\u00e2tului, protej\u00e2nd aceast\u0103 zon\u0103 sensibil\u0103 de soare.<\/li>\n<\/ol>\n<p>Alegerea corect\u0103 a unei \u0219epci sau a unei p\u0103l\u0103rii potrivite este o parte crucial\u0103 a acestei protec\u021bii.<\/p>\n<p>Este esen\u021bial s\u0103 alege\u021bi modelul care se potrive\u0219te cel mai bine nevoilor \u0219i preferin\u021belor copilului dvs.<\/p>\n<p>Totu\u0219i, protec\u021bia solar\u0103 nu se opre\u0219te la alegerea \u0219epcii sau p\u0103l\u0103riei adecvate.<\/p>\n<h5>Alte forme de protec\u021bie solar\u0103, precum cremele solare cu un factor de protec\u021bie solar\u0103 (SPF) \u00eenalt \u0219i ochelarii de soare, sunt \u0219i ele importante. Este esen\u021bial s\u0103 limita\u021bi, de asemenea, expunerea la soare \u00een orele de v\u00e2rf, c\u00e2nd razele soarelui sunt cele mai puternice.<\/h5>\n<p>C\u00e2nd alege\u021bi o \u0219apc\u0103 sau o p\u0103l\u0103rie, este crucial s\u0103 m\u0103sura\u021bi corect circumferin\u021ba capului copilului.<\/p>\n<p>Aceasta v\u0103 va ajuta s\u0103 asigura\u021bi o potrivire confortabil\u0103 \u0219i o protec\u021bie eficient\u0103.<\/p>\n<p>Abordarea soarelui vara poate fi provocatoare, dar cu precau\u021biile adecvate, copiii se pot bucura \u00een siguran\u021b\u0103 de joaca \u00een aer liber.<\/p>\n<p>S\u0103n\u0103tatea \u0219i siguran\u021ba copiilor no\u0219tri sunt priorit\u0103\u021bi esen\u021biale, iar alegerea unei \u0219epci sau a unei p\u0103l\u0103rii adecvate este o component\u0103 esen\u021bial\u0103 a acestui angajament. Hai s\u0103 ne bucur\u0103m de soare \u00een mod responsabil!<\/p>\n<p><em><strong>Mai multe modele de sepci si palariute pentru copii si bebelusi puteti gasi si in site-ul nostru, in categoria <a href=\"https:\/\/www.bebenou.ro\/sepci-si-palarii-copii\/\" target=\"_blank\" rel=\"noopener\">Sepci si Palarii Copii<\/a><\/strong><\/em><\/p>\n<p><img loading=\"lazy\" decoding=\"async\" class=\"aligncenter wp-image-2330\" src=\"https:\/\/www.bebenou.ro\/blog\/wp-content\/uploads\/2023\/05\/2048-300x120.jpg\" alt=\"\" width=\"933\" height=\"373\" srcset=\"https:\/\/www.bebenou.ro\/blog\/wp-content\/uploads\/2023\/05\/2048-300x120.jpg 300w, https:\/\/www.bebenou.ro\/blog\/wp-content\/uploads\/2023\/05\/2048-600x240.jpg 600w, https:\/\/www.bebenou.ro\/blog\/wp-content\/uploads\/2023\/05\/2048-1024x410.jpg 1024w, https:\/\/www.bebenou.ro\/blog\/wp-content\/uploads\/2023\/05\/2048-768x308.jpg 768w, https:\/\/www.bebenou.ro\/blog\/wp-content\/uploads\/2023\/05\/2048-1536x615.jpg 1536w\" sizes=\"auto, (max-width: 933px) 100vw, 933px\" \/><\/p>\n","protected":false},"excerpt":{"rendered":"<p>Pe m\u0103sur\u0103 ce temperaturile de var\u0103 se cresc, protec\u021bia copiilor de c\u0103ldura intens\u0103 \u0219i efectele soarelui devine o prioritate. Un element esen\u021bial, deseori neglijat, este \u00eembr\u0103c\u0103mintea adecvat\u0103, \u00een special p\u0103l\u0103riile \u0219i \u0219epcile de var\u0103 pentru copii. Zilele lungi de var\u0103 [&hellip;]<\/p>\n","protected":false},"author":4,"featured_media":0,"comment_status":"closed","ping_status":"closed","sticky":false,"template":"","format":"standard","meta":{"footnotes":""},"categories":[9],"tags":[601,599,594,602,596,595,600,598,597],"class_list":["post-2301","post","type-post","status-publish","format-standard","hentry","category-utile-mamici","tag-palarie-baieti","tag-palarie-de-soare-pentru-copii","tag-palarii-cu-protectie-upf50-copii","tag-palarii-cu-protectie-uv","tag-palarii-pentru-protectie-solara-copii","tag-palarioare-de-vara-pentru-copii","tag-palariuta-de-vara-fetita","tag-sepci-copii-pentru-vara","tag-sepci-si-palarii"],"yoast_head":"<!-- This site is optimized with the Yoast SEO Premium plugin v14.9 - https:\/\/yoast.com\/wordpress\/plugins\/seo\/ -->\n<title>P\u0103l\u0103rii \u0219i \u0218epci de Var\u0103 pentru Copii: Esen\u021biale pentru O Var\u0103 \u00een Siguran\u021b\u0103 - Blog - Bebenou.ro<\/title>\n<meta name=\"robots\" content=\"index, follow, max-snippet:-1, max-image-preview:large, max-video-preview:-1\" \/>\n<link rel=\"canonical\" href=\"https:\/\/www.bebenou.ro\/blog\/palarii-si-sepci-de-vara-pentru-copii-esentiale-pentru-o-vara-in-siguranta\/\" \/>\n<meta property=\"og:locale\" content=\"ro_RO\" \/>\n<meta property=\"og:type\" content=\"article\" \/>\n<meta property=\"og:title\" content=\"P\u0103l\u0103rii \u0219i \u0218epci de Var\u0103 pentru Copii: Esen\u021biale pentru O Var\u0103 \u00een Siguran\u021b\u0103 - Blog - Bebenou.ro\" \/>\n<meta property=\"og:description\" content=\"Pe m\u0103sur\u0103 ce temperaturile de var\u0103 se cresc, protec\u021bia copiilor de c\u0103ldura intens\u0103 \u0219i efectele soarelui devine o prioritate. Un element esen\u021bial, deseori neglijat, este \u00eembr\u0103c\u0103mintea adecvat\u0103, \u00een special p\u0103l\u0103riile \u0219i \u0219epcile de var\u0103 pentru copii. Zilele lungi de var\u0103 [&hellip;]\" \/>\n<meta property=\"og:url\" content=\"https:\/\/www.bebenou.ro\/blog\/palarii-si-sepci-de-vara-pentru-copii-esentiale-pentru-o-vara-in-siguranta\/\" \/>\n<meta property=\"og:site_name\" content=\"Blog - Bebenou.ro\" \/>\n<meta property=\"article:publisher\" content=\"https:\/\/www.facebook.com\/BebeNou.ro\/\" \/>\n<meta property=\"article:published_time\" content=\"2023-05-30T16:21:33+00:00\" \/>\n<meta property=\"article:modified_time\" content=\"2023-05-31T06:08:33+00:00\" \/>\n<meta property=\"og:image\" content=\"https:\/\/www.bebenou.ro\/blog\/wp-content\/uploads\/2023\/05\/2048-300x120.jpg\" \/>\n<meta name=\"twitter:card\" content=\"summary_large_image\" \/>\n<script type=\"application\/ld+json\" class=\"yoast-schema-graph\">{\"@context\":\"https:\/\/schema.org\",\"@graph\":[{\"@type\":\"Organization\",\"@id\":\"https:\/\/www.bebenou.ro\/blog\/#organization\",\"name\":\"Bebe Nou\",\"url\":\"https:\/\/www.bebenou.ro\/blog\/\",\"sameAs\":[\"https:\/\/www.facebook.com\/BebeNou.ro\/\",\"https:\/\/www.instagram.com\/bebenou.ro\/\"],\"logo\":{\"@type\":\"ImageObject\",\"@id\":\"https:\/\/www.bebenou.ro\/blog\/#logo\",\"inLanguage\":\"ro-RO\",\"url\":\"https:\/\/www.bebenou.ro\/blog\/wp-content\/uploads\/2025\/09\/bebenou-logo-r3.jpg\",\"width\":1506,\"height\":1539,\"caption\":\"Bebe Nou\"},\"image\":{\"@id\":\"https:\/\/www.bebenou.ro\/blog\/#logo\"}},{\"@type\":\"WebSite\",\"@id\":\"https:\/\/www.bebenou.ro\/blog\/#website\",\"url\":\"https:\/\/www.bebenou.ro\/blog\/\",\"name\":\"Blog - Bebenou.ro\",\"description\":\"Sfaturi si idei pentru tinerele mamici, fericite posesoare de &quot;bebe nou&quot;\",\"publisher\":{\"@id\":\"https:\/\/www.bebenou.ro\/blog\/#organization\"},\"potentialAction\":[{\"@type\":\"SearchAction\",\"target\":\"https:\/\/www.bebenou.ro\/blog\/?s={search_term_string}\",\"query-input\":\"required name=search_term_string\"}],\"inLanguage\":\"ro-RO\"},{\"@type\":\"ImageObject\",\"@id\":\"https:\/\/www.bebenou.ro\/blog\/palarii-si-sepci-de-vara-pentru-copii-esentiale-pentru-o-vara-in-siguranta\/#primaryimage\",\"inLanguage\":\"ro-RO\",\"url\":\"https:\/\/www.bebenou.ro\/blog\/wp-content\/uploads\/2023\/05\/2048.jpg\",\"width\":2048,\"height\":820},{\"@type\":\"WebPage\",\"@id\":\"https:\/\/www.bebenou.ro\/blog\/palarii-si-sepci-de-vara-pentru-copii-esentiale-pentru-o-vara-in-siguranta\/#webpage\",\"url\":\"https:\/\/www.bebenou.ro\/blog\/palarii-si-sepci-de-vara-pentru-copii-esentiale-pentru-o-vara-in-siguranta\/\",\"name\":\"P\\u0103l\\u0103rii \\u0219i \\u0218epci de Var\\u0103 pentru Copii: Esen\\u021biale pentru O Var\\u0103 \\u00een Siguran\\u021b\\u0103 - Blog - Bebenou.ro\",\"isPartOf\":{\"@id\":\"https:\/\/www.bebenou.ro\/blog\/#website\"},\"primaryImageOfPage\":{\"@id\":\"https:\/\/www.bebenou.ro\/blog\/palarii-si-sepci-de-vara-pentru-copii-esentiale-pentru-o-vara-in-siguranta\/#primaryimage\"},\"datePublished\":\"2023-05-30T16:21:33+00:00\",\"dateModified\":\"2023-05-31T06:08:33+00:00\",\"inLanguage\":\"ro-RO\",\"potentialAction\":[{\"@type\":\"ReadAction\",\"target\":[\"https:\/\/www.bebenou.ro\/blog\/palarii-si-sepci-de-vara-pentru-copii-esentiale-pentru-o-vara-in-siguranta\/\"]}]},{\"@type\":\"Article\",\"@id\":\"https:\/\/www.bebenou.ro\/blog\/palarii-si-sepci-de-vara-pentru-copii-esentiale-pentru-o-vara-in-siguranta\/#article\",\"isPartOf\":{\"@id\":\"https:\/\/www.bebenou.ro\/blog\/palarii-si-sepci-de-vara-pentru-copii-esentiale-pentru-o-vara-in-siguranta\/#webpage\"},\"author\":{\"@id\":\"https:\/\/www.bebenou.ro\/blog\/#\/schema\/person\/f17451894e959613046871f15e6ea9d6\"},\"headline\":\"P\\u0103l\\u0103rii \\u0219i \\u0218epci de Var\\u0103 pentru Copii: Esen\\u021biale pentru O Var\\u0103 \\u00een Siguran\\u021b\\u0103\",\"datePublished\":\"2023-05-30T16:21:33+00:00\",\"dateModified\":\"2023-05-31T06:08:33+00:00\",\"mainEntityOfPage\":{\"@id\":\"https:\/\/www.bebenou.ro\/blog\/palarii-si-sepci-de-vara-pentru-copii-esentiale-pentru-o-vara-in-siguranta\/#webpage\"},\"publisher\":{\"@id\":\"https:\/\/www.bebenou.ro\/blog\/#organization\"},\"image\":{\"@id\":\"https:\/\/www.bebenou.ro\/blog\/palarii-si-sepci-de-vara-pentru-copii-esentiale-pentru-o-vara-in-siguranta\/#primaryimage\"},\"keywords\":\"palarie baieti,palarie de soare pentru copii,palarii cu protectie UPF50+ copii,palarii cu protectie uv,palarii pentru protectie solara copii,palarioare de vara pentru copii,palariuta de vara fetita,sepci copii pentru vara,sepci si palarii\",\"articleSection\":\"Utile Mamici\",\"inLanguage\":\"ro-RO\"},{\"@type\":\"Person\",\"@id\":\"https:\/\/www.bebenou.ro\/blog\/#\/schema\/person\/f17451894e959613046871f15e6ea9d6\",\"name\":\"Leo\",\"image\":{\"@type\":\"ImageObject\",\"@id\":\"https:\/\/www.bebenou.ro\/blog\/#personlogo\",\"inLanguage\":\"ro-RO\",\"url\":\"https:\/\/secure.gravatar.com\/avatar\/0bf67d11f3f49c43bfb3325196c15e4ee66ee5bed4f83420c5429a1cdd051024?s=96&d=mm&r=g\",\"caption\":\"Leo\"}}]}<\/script>\n<!-- \/ Yoast SEO Premium plugin. -->","_links":{"self":[{"href":"https:\/\/www.bebenou.ro\/blog\/wp-json\/wp\/v2\/posts\/2301","targetHints":{"allow":["GET"]}}],"collection":[{"href":"https:\/\/www.bebenou.ro\/blog\/wp-json\/wp\/v2\/posts"}],"about":[{"href":"https:\/\/www.bebenou.ro\/blog\/wp-json\/wp\/v2\/types\/post"}],"author":[{"embeddable":true,"href":"https:\/\/www.bebenou.ro\/blog\/wp-json\/wp\/v2\/users\/4"}],"replies":[{"embeddable":true,"href":"https:\/\/www.bebenou.ro\/blog\/wp-json\/wp\/v2\/comments?post=2301"}],"version-history":[{"count":0,"href":"https:\/\/www.bebenou.ro\/blog\/wp-json\/wp\/v2\/posts\/2301\/revisions"}],"wp:attachment":[{"href":"https:\/\/www.bebenou.ro\/blog\/wp-json\/wp\/v2\/media?parent=2301"}],"wp:term":[{"taxonomy":"category","embeddable":true,"href":"https:\/\/www.bebenou.ro\/blog\/wp-json\/wp\/v2\/categories?post=2301"},{"taxonomy":"post_tag","embeddable":true,"href":"https:\/\/www.bebenou.ro\/blog\/wp-json\/wp\/v2\/tags?post=2301"}],"curies":[{"name":"wp","href":"https:\/\/api.w.org\/{rel}","templated":true}]}}