{"id":3179,"date":"2026-01-15T11:56:19","date_gmt":"2026-01-15T09:56:19","guid":{"rendered":"https:\/\/www.bebenou.ro\/blog\/?p=3179"},"modified":"2026-01-15T11:56:19","modified_gmt":"2026-01-15T09:56:19","slug":"cum-sa-faci-rapid-laptele-bebelusului","status":"publish","type":"post","link":"https:\/\/www.bebenou.ro\/blog\/cum-sa-faci-rapid-laptele-bebelusului\/","title":{"rendered":"Cum s\u0103 faci rapid laptele bebelu\u0219ului?"},"content":{"rendered":"<div style=\"width: 480px;\" class=\"wp-video\"><video class=\"wp-video-shortcode\" id=\"video-3179-1\" width=\"480\" height=\"848\" preload=\"metadata\" controls=\"controls\"><source type=\"video\/mp4\" src=\"https:\/\/www.bebenou.ro\/blog\/wp-content\/uploads\/2026\/01\/WhatsApp-Video-2026-01-15-at-11.36.26.mp4?_=1\" \/><a href=\"https:\/\/www.bebenou.ro\/blog\/wp-content\/uploads\/2026\/01\/WhatsApp-Video-2026-01-15-at-11.36.26.mp4\">https:\/\/www.bebenou.ro\/blog\/wp-content\/uploads\/2026\/01\/WhatsApp-Video-2026-01-15-at-11.36.26.mp4<\/a><\/video><\/div>\n<p>Pentru mul\u021bi p\u0103rin\u021bi, primele luni de via\u021b\u0103 ale bebelu\u0219ului se simt ca un maraton contra cronometru. \u201eA m\u00e2ncat destul?\u201d, \u201eDe ce pl\u00e2nge iar?\u201d, \u201eE prea devreme pentru urm\u0103toarea mas\u0103?\u201d. \u00cen 2026, r\u0103spunsul exper\u021bilor este unitar: <strong>elibereaz\u0103-te de dictatura ceasului \u0219i \u00eenva\u021b\u0103 limbajul bebelu\u0219ului t\u0103u.<\/strong><\/p>\n<p>&nbsp;<\/p>\n<p>Mitul programului fix vs. Realitatea \u201eHr\u0103nirii Receptive\u201d<\/p>\n<p>Vremurile \u00een care p\u0103rin\u021bii a\u0219teptau cu stricte\u021be s\u0103 treac\u0103 3 ore \u00eentre mese au apus. Ast\u0103zi, pediatria modern\u0103 promoveaz\u0103 <strong>hr\u0103nirea receptiv\u0103<\/strong>. Aceasta \u00eenseamn\u0103 c\u0103 tu, ca p\u0103rinte, r\u0103spunzi nevoilor fiziologice ale bebelu\u0219ului imediat ce acesta le semnaleaz\u0103.<\/p>\n<p>De ce este important? Deoarece stomacul unui nou-n\u0103scut este incredibil de mic (de m\u0103rimea unei cire\u0219e \u00een prima zi \u0219i a unui ou dup\u0103 dou\u0103 s\u0103pt\u0103m\u00e2ni).<\/p>\n<p>Cum \u00ee\u021bi \u201espune\u201d bebelu\u0219ul c\u0103 \u00eei este foame?<\/p>\n<p>\u00cenainte ca foamea s\u0103 devin\u0103 critic\u0103 \u0219i s\u0103 apar\u0103 pl\u00e2nsul, bebelu\u0219ul t\u0103u \u00ee\u021bi trimite o serie de \u201enotific\u0103ri\u201d silen\u021bioase:<\/p>\n<ul>\n<li>Sunetul scos este &#8222;Neh, Neh&#8230;&#8221;<\/li>\n<li><strong>Agita\u021bia activ\u0103:<\/strong> \u00ce\u0219i mi\u0219c\u0103 m\u00e2nu\u021bele spre gur\u0103 sau suge tot ce prinde \u00een jur.<\/li>\n<li><strong>Reflexul de c\u0103utare:<\/strong> \u00ce\u0219i \u00eentoarce capul spre pieptul t\u0103u sau spre biberon imediat ce simte o atingere.<\/li>\n<li><strong>Semnale faciale:<\/strong> \u00ce\u0219i linge buzele frecvent sau scoate limba.<\/li>\n<\/ul>\n<p>Dac\u0103 \u00eenve\u021bi s\u0103 ac\u021bionezi la aceste prime semne, masa va fi mult mai calm\u0103, iar bebelu\u0219ul va \u00eenghi\u021bi mai pu\u021bin aer, reduc\u00e2nd riscul colicilor.<\/p>\n<p>Nutri\u021bia \u00een era digital\u0103: Solu\u021bii inteligente pentru p\u0103rin\u021bi<\/p>\n<p>Dac\u0103 al\u0103ptarea reprezint\u0103 etalonul de aur, oferind 10-12 mese pline de anticorpi \u00een 24 de ore, hr\u0103nirea cu formul\u0103 necesit\u0103 o logistic\u0103 mai riguroas\u0103. Totu\u0219i, \u00een 2026, prepararea unui biberon nu mai trebuie s\u0103 semene cu un experiment de laborator realizat \u00een semi-\u00eentuneric la ora 3 diminea\u021ba.<\/p>\n<p>Secretul p\u0103rin\u021bilor relaxa\u021bi de ast\u0103zi este <strong><a href=\"https:\/\/www.bebenou.ro\/?subcats=Y&amp;pcode_from_q=Y&amp;pshort=N&amp;pfull=N&amp;pname=Y&amp;pkeywords=N&amp;search_performed=Y&amp;dispatch%5Bproducts.search%5D=&amp;q=baby+brezza&amp;dispatch%5Bproducts.search%5D=\">Espressorul Formula Pro Advanced<\/a> de la Baby Brezza<\/strong>. Acest aparat nu este doar un gadget, ci un asistent personal care elimin\u0103 cele mai mari griji:<\/p>\n<ol>\n<li><strong>Dozare F\u0103r\u0103 Gre\u0219eal\u0103:<\/strong> Nu mai trebuie s\u0103 numeri m\u0103surile de pudr\u0103 c\u00e2nd e\u0219ti obosit. Aparatul amestec\u0103 automat propor\u021bia perfect\u0103 de ap\u0103 \u0219i lapte praf. *Important este sa fie setat si utilizat conform manualului de utilizare.<\/li>\n<li><strong>Temperatura potrivita: <\/strong>Po\u021bi uita de r\u0103citul biberonului sub jetul de ap\u0103 rece. Ai laptele la temperatura ideal\u0103 \u00een c\u00e2teva secunde. \u0218i dac\u0103 formula e mai gras\u0103, mai untoas\u0103&#8230;are \u0219i setare pentru asta, cu temparetura apei un pic mai mare dec\u00e2t temperatura corpului (43-40 de grade).<\/li>\n<li><strong>Confort \u0219i Igien\u0103:<\/strong> Pudra este p\u0103strat\u0103 \u00eentr-un compartiment etan\u0219, iar prepararea instantanee \u00eenseamn\u0103 c\u0103 bebelu\u0219ul nu mai apuc\u0103 s\u0103 intre \u00een starea de pl\u00e2ns agitat.<\/li>\n<\/ol>\n<p>Concluzie: Mai mult timp pentru ce conteaz\u0103<\/p>\n<p>Hr\u0103nirea este primul mod prin care comunici cu copilul t\u0103u. C\u00e2nd elimini stresul m\u0103sur\u0103torilor \u0219i al programului rigid, r\u0103m\u00e2i cu ceea ce este cu adev\u0103rat important: contactul vizual, m\u00e2ng\u00e2ierile \u0219i lini\u0219tea unui bebelu\u0219 s\u0103tul.<\/p>\n<p>Pentru mai multe sfaturi apela\u021bi num\u0103rul magazinului bebenou.ro.<\/p>\n","protected":false},"excerpt":{"rendered":"<p>Pentru mul\u021bi p\u0103rin\u021bi, primele luni de via\u021b\u0103 ale bebelu\u0219ului se simt ca un maraton contra cronometru. \u201eA m\u00e2ncat destul?\u201d, \u201eDe ce pl\u00e2nge iar?\u201d, \u201eE prea devreme pentru urm\u0103toarea mas\u0103?\u201d. \u00cen 2026, r\u0103spunsul exper\u021bilor este unitar: elibereaz\u0103-te de dictatura ceasului \u0219i [&hellip;]<\/p>\n","protected":false},"author":15,"featured_media":0,"comment_status":"closed","ping_status":"closed","sticky":false,"template":"","format":"standard","meta":{"footnotes":""},"categories":[1,237],"tags":[685,285,740,307,739],"class_list":["post-3179","post","type-post","status-publish","format-standard","hentry","category-fara-categorie","category-informatii-utile-baby-brezza-romania","tag-aparat-baby-brezza","tag-compatibilitate-espressor-formula-pro-advanced","tag-espressor-baby-brezza","tag-espressor-lapte-praf-babybrezza","tag-fomula-pro-advanced"],"yoast_head":"<!-- This site is optimized with the Yoast SEO Premium plugin v14.9 - https:\/\/yoast.com\/wordpress\/plugins\/seo\/ -->\n<title>Cum s\u0103 faci rapid laptele bebelu\u0219ului? - Blog - Bebenou.ro<\/title>\n<meta name=\"robots\" content=\"index, follow, max-snippet:-1, max-image-preview:large, max-video-preview:-1\" \/>\n<link rel=\"canonical\" href=\"https:\/\/www.bebenou.ro\/blog\/cum-sa-faci-rapid-laptele-bebelusului\/\" \/>\n<meta property=\"og:locale\" content=\"ro_RO\" \/>\n<meta property=\"og:type\" content=\"article\" \/>\n<meta property=\"og:title\" content=\"Cum s\u0103 faci rapid laptele bebelu\u0219ului? - Blog - Bebenou.ro\" \/>\n<meta property=\"og:description\" content=\"Pentru mul\u021bi p\u0103rin\u021bi, primele luni de via\u021b\u0103 ale bebelu\u0219ului se simt ca un maraton contra cronometru. \u201eA m\u00e2ncat destul?\u201d, \u201eDe ce pl\u00e2nge iar?\u201d, \u201eE prea devreme pentru urm\u0103toarea mas\u0103?\u201d. \u00cen 2026, r\u0103spunsul exper\u021bilor este unitar: elibereaz\u0103-te de dictatura ceasului \u0219i [&hellip;]\" \/>\n<meta property=\"og:url\" content=\"https:\/\/www.bebenou.ro\/blog\/cum-sa-faci-rapid-laptele-bebelusului\/\" \/>\n<meta property=\"og:site_name\" content=\"Blog - Bebenou.ro\" \/>\n<meta property=\"article:publisher\" content=\"https:\/\/www.facebook.com\/BebeNou.ro\/\" \/>\n<meta property=\"article:published_time\" content=\"2026-01-15T09:56:19+00:00\" \/>\n<meta name=\"twitter:card\" content=\"summary_large_image\" \/>\n<script type=\"application\/ld+json\" class=\"yoast-schema-graph\">{\"@context\":\"https:\/\/schema.org\",\"@graph\":[{\"@type\":\"Organization\",\"@id\":\"https:\/\/www.bebenou.ro\/blog\/#organization\",\"name\":\"Bebe Nou\",\"url\":\"https:\/\/www.bebenou.ro\/blog\/\",\"sameAs\":[\"https:\/\/www.facebook.com\/BebeNou.ro\/\",\"https:\/\/www.instagram.com\/bebenou.ro\/\"],\"logo\":{\"@type\":\"ImageObject\",\"@id\":\"https:\/\/www.bebenou.ro\/blog\/#logo\",\"inLanguage\":\"ro-RO\",\"url\":\"https:\/\/www.bebenou.ro\/blog\/wp-content\/uploads\/2025\/09\/bebenou-logo-r3.jpg\",\"width\":1506,\"height\":1539,\"caption\":\"Bebe Nou\"},\"image\":{\"@id\":\"https:\/\/www.bebenou.ro\/blog\/#logo\"}},{\"@type\":\"WebSite\",\"@id\":\"https:\/\/www.bebenou.ro\/blog\/#website\",\"url\":\"https:\/\/www.bebenou.ro\/blog\/\",\"name\":\"Blog - Bebenou.ro\",\"description\":\"Sfaturi si idei pentru tinerele mamici, fericite posesoare de &quot;bebe nou&quot;\",\"publisher\":{\"@id\":\"https:\/\/www.bebenou.ro\/blog\/#organization\"},\"potentialAction\":[{\"@type\":\"SearchAction\",\"target\":\"https:\/\/www.bebenou.ro\/blog\/?s={search_term_string}\",\"query-input\":\"required name=search_term_string\"}],\"inLanguage\":\"ro-RO\"},{\"@type\":\"WebPage\",\"@id\":\"https:\/\/www.bebenou.ro\/blog\/cum-sa-faci-rapid-laptele-bebelusului\/#webpage\",\"url\":\"https:\/\/www.bebenou.ro\/blog\/cum-sa-faci-rapid-laptele-bebelusului\/\",\"name\":\"Cum s\\u0103 faci rapid laptele bebelu\\u0219ului? - Blog - Bebenou.ro\",\"isPartOf\":{\"@id\":\"https:\/\/www.bebenou.ro\/blog\/#website\"},\"datePublished\":\"2026-01-15T09:56:19+00:00\",\"dateModified\":\"2026-01-15T09:56:19+00:00\",\"inLanguage\":\"ro-RO\",\"potentialAction\":[{\"@type\":\"ReadAction\",\"target\":[\"https:\/\/www.bebenou.ro\/blog\/cum-sa-faci-rapid-laptele-bebelusului\/\"]}]},{\"@type\":\"Article\",\"@id\":\"https:\/\/www.bebenou.ro\/blog\/cum-sa-faci-rapid-laptele-bebelusului\/#article\",\"isPartOf\":{\"@id\":\"https:\/\/www.bebenou.ro\/blog\/cum-sa-faci-rapid-laptele-bebelusului\/#webpage\"},\"author\":{\"@id\":\"https:\/\/www.bebenou.ro\/blog\/#\/schema\/person\/536314866f6520b73640adec901bf1be\"},\"headline\":\"Cum s\\u0103 faci rapid laptele bebelu\\u0219ului?\",\"datePublished\":\"2026-01-15T09:56:19+00:00\",\"dateModified\":\"2026-01-15T09:56:19+00:00\",\"mainEntityOfPage\":{\"@id\":\"https:\/\/www.bebenou.ro\/blog\/cum-sa-faci-rapid-laptele-bebelusului\/#webpage\"},\"publisher\":{\"@id\":\"https:\/\/www.bebenou.ro\/blog\/#organization\"},\"keywords\":\"aparat baby brezza,compatibilitate espressor formula pro advanced,espressor baby brezza,espressor lapte praf babybrezza,fomula pro advanced\",\"articleSection\":\"Informatii Utile Baby Brezza - Romania\",\"inLanguage\":\"ro-RO\"},{\"@type\":\"Person\",\"@id\":\"https:\/\/www.bebenou.ro\/blog\/#\/schema\/person\/536314866f6520b73640adec901bf1be\",\"name\":\"Radulescu Florentina\",\"image\":{\"@type\":\"ImageObject\",\"@id\":\"https:\/\/www.bebenou.ro\/blog\/#personlogo\",\"inLanguage\":\"ro-RO\",\"url\":\"https:\/\/secure.gravatar.com\/avatar\/080bba73bd655f5c1544e4f037bd95290689c3ec25e32f1af903b1bcfd7aa48f?s=96&d=mm&r=g\",\"caption\":\"Radulescu Florentina\"}}]}<\/script>\n<!-- \/ Yoast SEO Premium plugin. -->","_links":{"self":[{"href":"https:\/\/www.bebenou.ro\/blog\/wp-json\/wp\/v2\/posts\/3179","targetHints":{"allow":["GET"]}}],"collection":[{"href":"https:\/\/www.bebenou.ro\/blog\/wp-json\/wp\/v2\/posts"}],"about":[{"href":"https:\/\/www.bebenou.ro\/blog\/wp-json\/wp\/v2\/types\/post"}],"author":[{"embeddable":true,"href":"https:\/\/www.bebenou.ro\/blog\/wp-json\/wp\/v2\/users\/15"}],"replies":[{"embeddable":true,"href":"https:\/\/www.bebenou.ro\/blog\/wp-json\/wp\/v2\/comments?post=3179"}],"version-history":[{"count":0,"href":"https:\/\/www.bebenou.ro\/blog\/wp-json\/wp\/v2\/posts\/3179\/revisions"}],"wp:attachment":[{"href":"https:\/\/www.bebenou.ro\/blog\/wp-json\/wp\/v2\/media?parent=3179"}],"wp:term":[{"taxonomy":"category","embeddable":true,"href":"https:\/\/www.bebenou.ro\/blog\/wp-json\/wp\/v2\/categories?post=3179"},{"taxonomy":"post_tag","embeddable":true,"href":"https:\/\/www.bebenou.ro\/blog\/wp-json\/wp\/v2\/tags?post=3179"}],"curies":[{"name":"wp","href":"https:\/\/api.w.org\/{rel}","templated":true}]}}